{"id":658,"date":"2023-12-15T12:27:08","date_gmt":"2023-12-15T12:27:08","guid":{"rendered":"https:\/\/michael-moser.info\/?p=658"},"modified":"2023-12-15T12:27:10","modified_gmt":"2023-12-15T12:27:10","slug":"schwarzwaelder-hof-seelbach","status":"publish","type":"post","link":"https:\/\/michael-moser.info\/?p=658","title":{"rendered":"Schwarzw\u00e4lder Hof Seelbach"},"content":{"rendered":"\n<p>Im Anschluss an meine Hausbesuche, fand gestern meine letzte Abendveranstaltung des Wahlkampfs im Schwarzw\u00e4lder Hof in Seelbach statt.<\/p>\n\n\n\n<p>Erneut habe ich mich \u00fcber die Besucherzahl gefreut. Es ist sch\u00f6n, dass das Interesse an der Wahl nach wie vor sehr gro\u00df ist. Vielen Dank an alle die da waren, an dem freundlichen und offenen Austausch teilnahmen und mich zu unterschiedlichsten Themen befragt haben. Herzlichen Dank auch an den Schwarzw\u00e4lder Hof, der mir gestern wieder die M\u00f6glichkeit bot die Veranstaltung durchzuf\u00fchren und f\u00fcr die tolle Gastfreundschaft.<\/p>\n\n\n\n<p>Am morgigen Samstag bin ich nochmals auf dem Bauernmarkt in Seelbach f\u00fcr euch da. Ich freue mich auf euer kommen und weitere Gespr\u00e4che rund um unsere Gemeinde.<\/p>\n\n\n\n<p><\/p>\n","protected":false},"excerpt":{"rendered":"<p>Im Anschluss an meine Hausbesuche, fand gestern meine letzte Abendveranstaltung des Wahlkampfs im Schwarzw\u00e4lder Hof in Seelbach statt. Erneut habe ich mich \u00fcber die Besucherzahl gefreut. Es ist sch\u00f6n, dass das Interesse an der Wahl nach wie vor sehr gro\u00df ist. Vielen Dank an alle die da waren, an dem freundlichen und offenen Austausch teilnahmen [&hellip;]<\/p>\n","protected":false},"author":1,"featured_media":654,"comment_status":"closed","ping_status":"closed","sticky":false,"template":"","format":"standard","meta":{"footnotes":""},"categories":[1],"tags":[],"_links":{"self":[{"href":"https:\/\/michael-moser.info\/index.php?rest_route=\/wp\/v2\/posts\/658"}],"collection":[{"href":"https:\/\/michael-moser.info\/index.php?rest_route=\/wp\/v2\/posts"}],"about":[{"href":"https:\/\/michael-moser.info\/index.php?rest_route=\/wp\/v2\/types\/post"}],"author":[{"embeddable":true,"href":"https:\/\/michael-moser.info\/index.php?rest_route=\/wp\/v2\/users\/1"}],"replies":[{"embeddable":true,"href":"https:\/\/michael-moser.info\/index.php?rest_route=%2Fwp%2Fv2%2Fcomments&post=658"}],"version-history":[{"count":1,"href":"https:\/\/michael-moser.info\/index.php?rest_route=\/wp\/v2\/posts\/658\/revisions"}],"predecessor-version":[{"id":659,"href":"https:\/\/michael-moser.info\/index.php?rest_route=\/wp\/v2\/posts\/658\/revisions\/659"}],"wp:featuredmedia":[{"embeddable":true,"href":"https:\/\/michael-moser.info\/index.php?rest_route=\/wp\/v2\/media\/654"}],"wp:attachment":[{"href":"https:\/\/michael-moser.info\/index.php?rest_route=%2Fwp%2Fv2%2Fmedia&parent=658"}],"wp:term":[{"taxonomy":"category","embeddable":true,"href":"https:\/\/michael-moser.info\/index.php?rest_route=%2Fwp%2Fv2%2Fcategories&post=658"},{"taxonomy":"post_tag","embeddable":true,"href":"https:\/\/michael-moser.info\/index.php?rest_route=%2Fwp%2Fv2%2Ftags&post=658"}],"curies":[{"name":"wp","href":"https:\/\/api.w.org\/{rel}","templated":true}]}}