{"id":60,"date":"2023-10-11T09:55:02","date_gmt":"2023-10-11T09:55:02","guid":{"rendered":"https:\/\/michael-moser.info\/?p=60"},"modified":"2023-10-11T15:34:57","modified_gmt":"2023-10-11T15:34:57","slug":"pressemitteilung-zu-meiner-kandidatur","status":"publish","type":"post","link":"https:\/\/michael-moser.info\/?p=60","title":{"rendered":"Pressemitteilung zu meiner Kandidatur"},"content":{"rendered":"\n<p><strong>Michael Moser bewirbt sich f\u00fcr das Amt des B\u00fcrgermeisters in Seelbach<\/strong><br>Kandidat setzt auf Heimatverbundenheit<\/p>\n\n\n\n<p>Mit Michael Moser bewirbt sich ein Seelbacher auf die Nachfolge von B\u00fcrgermeister Sch\u00e4fer. Der 37j\u00e4hrige Betriebswirt (VWA) ist in Seelbach aufgewachsen und wohnt zusammen mit seiner Frau Sarah im Seelbacher Ortsteil Sch\u00f6nberg. Beruflich ist er im Vertrieb bei der DB Schenker AG in Appenweier t\u00e4tig und bringt dar\u00fcber hinaus viele Jahre Leitungserfahrung mit.<\/p>\n\n\n\n<p>\u201eIn Seelbach ist mir fast jeder Winkel bekannt\u201c, schreibt Moser in einer Pressemitteilung. \u201eMeine Kindheit, Jugend und die heutige Zeit als Erwachsener sind untrennbar mit dem Ort und unserer Gemeinde verbunden.\u201c Die Geschicke der Gemeinde zu lenken und entsprechend Verantwortung zu \u00fcbernehmen w\u00e4re f\u00fcr ihn nicht nur \u201eArbeit\u201c, sondern eine Lebensaufgabe.<\/p>\n\n\n\n<p>\u201e100% Seelbach \u2013 Heimat, wie wir sie lieben\u201c lautet das Leitmotiv, mit dem der parteilose Moser in den B\u00fcrgermeisterwahlkampf geht. \u201eIch m\u00f6chte unsere Heimat erhalten, so wie wir sie lieben\u201c, bekennt er. \u201eUnd ich m\u00f6chte sie so weiterentwickeln, damit wir sie auch in Zukunft noch lieben. Daf\u00fcr alles zu geben, ist f\u00fcr mich als 100% Seelbacher eine Herzensangelegenheit. Lebensqualit\u00e4t auch f\u00fcr kommende Generationen zu erhalten, sei f\u00fcr ihn als angehender Familienvater ein wichtiges Ziel. \u201eDie Tatsache, dass meine Frau Sarah und ich in K\u00fcrze unser erstes Kind erwarten, hat uns beide noch mehr motiviert, die Bewerbung f\u00fcr meine Heimatgemeinde abzugeben.\u201c<\/p>\n\n\n\n<p>Themen f\u00fcr Seelbach hat Moser bereits ausgemacht. \u201eDie Gemeinde muss als Arbeitgeber attraktiv sein und bleiben. Qualifiziertes Personal ist ein entscheidender Erfolgsfaktor f\u00fcr jeden Arbeitgeber.\u201c In Seelbach nehme man die Auswirkungen des Fachkr\u00e4ftemangels bereits wahr. \u201eDiesen Sommer waren wegen Personalmangels nur eingeschr\u00e4nkte \u00d6ffnungszeiten des Schwimmbads m\u00f6glich. Auff\u00e4llig sind auch die fehlenden Kita-Pl\u00e4tze, hier m\u00fcssen wir dringend f\u00fcr Abhilfe sorgen\u201c, so Michael Moser.<\/p>\n\n\n\n<p>Leider gebe es in Seelbach wenig M\u00f6glichkeiten f\u00fcr junge Familien einen Bauplatz zubekommen. \u201eIch m\u00f6chte aber die Menschen, die gerne in Seelbach bleiben wollen, auch zu 100% in Seelbach halten. Daf\u00fcr braucht es auch mehr Flexibilit\u00e4t im Bereich der Kinderbetreuung, eine konsequente Fortsetzung des Schulprojektes, sowie Treffpunkte f\u00fcr junge Menschen auch au\u00dferhalb der Vereine.\u201c Was f\u00fcr junge Menschen gilt, gelte auch f\u00fcr die \u00e4ltere Generation. \u201eDie geburtenstarken Jahrg\u00e4nge stehen kurz vor dem Ruhestand. In Zukunft ausreichend M\u00f6glichkeiten f\u00fcr Betreuung und Pflege bereitzuhalten, wird eine Herausforderung \u2013 r\u00e4umlich wie personell\u201c, so Moser.<\/p>\n\n\n\n<p>Die Unterst\u00fctzung der Vereine ist Michael Moser ein besonderes Anliegen<em>.<\/em>&nbsp;Neben verl\u00e4sslicher finanzieller Unterst\u00fctzung denkt er beispielsweise \u00fcber eine zentrale Vereinsgesch\u00e4ftsstelle im Rathaus oder einen j\u00e4hrlichen Ehrenamtspreis nach. \u201eMir geht es darum, das Ehrenamt wertzusch\u00e4tzen und das Arbeiten im Verein einfacher zu machen.\u201c<\/p>\n\n\n\n<p>Weitere Themen wie Mobilit\u00e4t, Wirtschaftsf\u00f6rderung, Breitband, Energie oder b\u00fcrgernahe Verwaltung hat Michael Moser in einem Flyer angerissen, den er in den kommenden Tagen verteilen m\u00f6chte. Darin sind auch Termine enthalten, bei denen er mit der B\u00fcrgerschaft bei Ortsspazierg\u00e4ngen und B\u00fcrgergespr\u00e4chen in Dialog kommen will. \u201cDenn das geballte Wissen und die Ideen aus dem Ort kann kein Kandidat dieser Welt toppen.\u201c<\/p>\n\n\n\n<p>Bereits am kommenden Samstag ist Michael Moser ab 8:30 Uhr auf dem Bauernmarkt in Seelbach anzutreffen. Weitere Termine und Informationen zu seiner Person und der Bewerbung sind unter&nbsp;<a href=\"http:\/\/www.michael-moser.info\/\" target=\"_blank\" rel=\"noreferrer noopener\">www.michael-moser.info<\/a>&nbsp;zu finden.<\/p>\n","protected":false},"excerpt":{"rendered":"<p>Michael Moser bewirbt sich f\u00fcr das Amt des B\u00fcrgermeisters in SeelbachKandidat setzt auf Heimatverbundenheit Mit Michael Moser bewirbt sich ein Seelbacher auf die Nachfolge von B\u00fcrgermeister Sch\u00e4fer. Der 37j\u00e4hrige Betriebswirt (VWA) ist in Seelbach aufgewachsen und wohnt zusammen mit seiner Frau Sarah im Seelbacher Ortsteil Sch\u00f6nberg. Beruflich ist er im Vertrieb bei der DB Schenker [&hellip;]<\/p>\n","protected":false},"author":1,"featured_media":0,"comment_status":"closed","ping_status":"closed","sticky":false,"template":"","format":"standard","meta":{"footnotes":""},"categories":[1],"tags":[],"_links":{"self":[{"href":"https:\/\/michael-moser.info\/index.php?rest_route=\/wp\/v2\/posts\/60"}],"collection":[{"href":"https:\/\/michael-moser.info\/index.php?rest_route=\/wp\/v2\/posts"}],"about":[{"href":"https:\/\/michael-moser.info\/index.php?rest_route=\/wp\/v2\/types\/post"}],"author":[{"embeddable":true,"href":"https:\/\/michael-moser.info\/index.php?rest_route=\/wp\/v2\/users\/1"}],"replies":[{"embeddable":true,"href":"https:\/\/michael-moser.info\/index.php?rest_route=%2Fwp%2Fv2%2Fcomments&post=60"}],"version-history":[{"count":5,"href":"https:\/\/michael-moser.info\/index.php?rest_route=\/wp\/v2\/posts\/60\/revisions"}],"predecessor-version":[{"id":112,"href":"https:\/\/michael-moser.info\/index.php?rest_route=\/wp\/v2\/posts\/60\/revisions\/112"}],"wp:attachment":[{"href":"https:\/\/michael-moser.info\/index.php?rest_route=%2Fwp%2Fv2%2Fmedia&parent=60"}],"wp:term":[{"taxonomy":"category","embeddable":true,"href":"https:\/\/michael-moser.info\/index.php?rest_route=%2Fwp%2Fv2%2Fcategories&post=60"},{"taxonomy":"post_tag","embeddable":true,"href":"https:\/\/michael-moser.info\/index.php?rest_route=%2Fwp%2Fv2%2Ftags&post=60"}],"curies":[{"name":"wp","href":"https:\/\/api.w.org\/{rel}","templated":true}]}}