{"id":513,"date":"2023-11-25T09:33:40","date_gmt":"2023-11-25T09:33:40","guid":{"rendered":"https:\/\/michael-moser.info\/?p=513"},"modified":"2023-11-26T09:37:09","modified_gmt":"2023-11-26T09:37:09","slug":"katharinenmarkt-heute-abend-gehts-los","status":"publish","type":"post","link":"https:\/\/michael-moser.info\/?p=513","title":{"rendered":"Katharinenmarkt &#8211; heute Abend geht\u2019s los \u2026"},"content":{"rendered":"\n<p>Nach kurzer Unterst\u00fctzung beim Aufbau im Dorf ging es zum Sportplatz des FSV Seelbach. Vor der eigentlichen Er\u00f6ffnung, mit dem historischen Auftakt, ist das Heimspiel des FSV Seelbach f\u00fcr viele Seelbacherinnen und Seelbacher bereits der heimliche Auftakt ins Marktwochenende.<\/p>\n\n\n\n<p>Ich w\u00fcnsche euch allen einen sch\u00f6nen und m\u00f6glichst trockenen Katharinenmarkt 2023.<\/p>\n\n\n\n<figure class=\"wp-block-gallery has-nested-images columns-default is-cropped wp-block-gallery-1 is-layout-flex wp-block-gallery-is-layout-flex\">\n<figure class=\"wp-block-image size-large\"><img decoding=\"async\" loading=\"lazy\" width=\"1024\" height=\"561\" data-id=\"515\" src=\"https:\/\/michael-moser.info\/wp-content\/uploads\/2023\/11\/Bild-2-1-1024x561.jpeg\" alt=\"\" class=\"wp-image-515\" srcset=\"https:\/\/michael-moser.info\/wp-content\/uploads\/2023\/11\/Bild-2-1-1024x561.jpeg 1024w, https:\/\/michael-moser.info\/wp-content\/uploads\/2023\/11\/Bild-2-1-300x164.jpeg 300w, https:\/\/michael-moser.info\/wp-content\/uploads\/2023\/11\/Bild-2-1-768x421.jpeg 768w, https:\/\/michael-moser.info\/wp-content\/uploads\/2023\/11\/Bild-2-1-1536x842.jpeg 1536w, https:\/\/michael-moser.info\/wp-content\/uploads\/2023\/11\/Bild-2-1.jpeg 2048w\" sizes=\"(max-width: 1024px) 100vw, 1024px\" \/><\/figure>\n<\/figure>\n","protected":false},"excerpt":{"rendered":"<p>Nach kurzer Unterst\u00fctzung beim Aufbau im Dorf ging es zum Sportplatz des FSV Seelbach. Vor der eigentlichen Er\u00f6ffnung, mit dem historischen Auftakt, ist das Heimspiel des FSV Seelbach f\u00fcr viele Seelbacherinnen und Seelbacher bereits der heimliche Auftakt ins Marktwochenende. Ich w\u00fcnsche euch allen einen sch\u00f6nen und m\u00f6glichst trockenen Katharinenmarkt 2023.<\/p>\n","protected":false},"author":1,"featured_media":514,"comment_status":"closed","ping_status":"closed","sticky":false,"template":"","format":"standard","meta":{"footnotes":""},"categories":[1],"tags":[],"_links":{"self":[{"href":"https:\/\/michael-moser.info\/index.php?rest_route=\/wp\/v2\/posts\/513"}],"collection":[{"href":"https:\/\/michael-moser.info\/index.php?rest_route=\/wp\/v2\/posts"}],"about":[{"href":"https:\/\/michael-moser.info\/index.php?rest_route=\/wp\/v2\/types\/post"}],"author":[{"embeddable":true,"href":"https:\/\/michael-moser.info\/index.php?rest_route=\/wp\/v2\/users\/1"}],"replies":[{"embeddable":true,"href":"https:\/\/michael-moser.info\/index.php?rest_route=%2Fwp%2Fv2%2Fcomments&post=513"}],"version-history":[{"count":4,"href":"https:\/\/michael-moser.info\/index.php?rest_route=\/wp\/v2\/posts\/513\/revisions"}],"predecessor-version":[{"id":519,"href":"https:\/\/michael-moser.info\/index.php?rest_route=\/wp\/v2\/posts\/513\/revisions\/519"}],"wp:featuredmedia":[{"embeddable":true,"href":"https:\/\/michael-moser.info\/index.php?rest_route=\/wp\/v2\/media\/514"}],"wp:attachment":[{"href":"https:\/\/michael-moser.info\/index.php?rest_route=%2Fwp%2Fv2%2Fmedia&parent=513"}],"wp:term":[{"taxonomy":"category","embeddable":true,"href":"https:\/\/michael-moser.info\/index.php?rest_route=%2Fwp%2Fv2%2Fcategories&post=513"},{"taxonomy":"post_tag","embeddable":true,"href":"https:\/\/michael-moser.info\/index.php?rest_route=%2Fwp%2Fv2%2Ftags&post=513"}],"curies":[{"name":"wp","href":"https:\/\/api.w.org\/{rel}","templated":true}]}}