{"id":492,"date":"2023-11-23T07:51:11","date_gmt":"2023-11-23T07:51:11","guid":{"rendered":"https:\/\/michael-moser.info\/?p=492"},"modified":"2023-11-23T08:05:20","modified_gmt":"2023-11-23T08:05:20","slug":"bald-gehts-los","status":"publish","type":"post","link":"https:\/\/michael-moser.info\/?p=492","title":{"rendered":"Bald geht\u2019s los \u2026"},"content":{"rendered":"\n<p>Der 568. Katharinenmarkt steht vor der T\u00fcr. Gelebte Tradition, die f\u00fcr uns Seelbacherinnen und Seelbacher j\u00e4hrlich einen besonders wichtigen Platz einnimmt. Nicht nur f\u00fcr alle B\u00fcrgerinnen und B\u00fcrger, auch f\u00fcr die Vereine, die Gastronomie und viele andere Gewerbetreibende in Seelbach, ist der Katharinenmarkt ein sehr wichtiges Ereignis.<\/p>\n\n\n\n<p>Ich selbst freue mich sehr auf den Katharinenmarkt, da ich viel mit ihm in Verbindung bringe. Neben Diensten im Verein, sind es vor allem Kindheitserinnerungen, die ich mit dem Markt verbinde. Bereits meine Gro\u00dfeltern, haben mit einem Wurststand aktiv am Marktgeschehen teilgenommen.<\/p>\n\n\n\n<p>Autoscooter oder Karussell fahren, Dosenwerfen, Gl\u00fchwein trinken oder auf die traditionelle Katharinenwurst, etc. \u2026 worauf freut ihr euch besonders? Schreibt es gerne in die Kommentare in Facebook oder Instagram \ud83d\ude42<\/p>\n\n\n\n<p><\/p>\n\n\n\n<figure class=\"wp-block-gallery has-nested-images columns-2 is-cropped wp-block-gallery-1 is-layout-flex wp-block-gallery-is-layout-flex\">\n<figure class=\"wp-block-image size-large\"><img decoding=\"async\" loading=\"lazy\" width=\"1024\" height=\"768\" data-id=\"495\" src=\"https:\/\/michael-moser.info\/wp-content\/uploads\/2023\/11\/Bild-28-1024x768.jpeg\" alt=\"\" class=\"wp-image-495\" srcset=\"https:\/\/michael-moser.info\/wp-content\/uploads\/2023\/11\/Bild-28-1024x768.jpeg 1024w, https:\/\/michael-moser.info\/wp-content\/uploads\/2023\/11\/Bild-28-300x225.jpeg 300w, https:\/\/michael-moser.info\/wp-content\/uploads\/2023\/11\/Bild-28-768x576.jpeg 768w, https:\/\/michael-moser.info\/wp-content\/uploads\/2023\/11\/Bild-28-1536x1152.jpeg 1536w, https:\/\/michael-moser.info\/wp-content\/uploads\/2023\/11\/Bild-28.jpeg 2048w\" sizes=\"(max-width: 1024px) 100vw, 1024px\" \/><\/figure>\n\n\n\n<figure class=\"wp-block-image size-large\"><img decoding=\"async\" loading=\"lazy\" width=\"1024\" height=\"768\" data-id=\"496\" src=\"https:\/\/michael-moser.info\/wp-content\/uploads\/2023\/11\/Bild-29-1024x768.jpeg\" alt=\"\" class=\"wp-image-496\" srcset=\"https:\/\/michael-moser.info\/wp-content\/uploads\/2023\/11\/Bild-29-1024x768.jpeg 1024w, https:\/\/michael-moser.info\/wp-content\/uploads\/2023\/11\/Bild-29-300x225.jpeg 300w, https:\/\/michael-moser.info\/wp-content\/uploads\/2023\/11\/Bild-29-768x576.jpeg 768w, https:\/\/michael-moser.info\/wp-content\/uploads\/2023\/11\/Bild-29-1536x1152.jpeg 1536w, https:\/\/michael-moser.info\/wp-content\/uploads\/2023\/11\/Bild-29.jpeg 2048w\" sizes=\"(max-width: 1024px) 100vw, 1024px\" \/><\/figure>\n\n\n\n<figure class=\"wp-block-image size-large\"><img decoding=\"async\" loading=\"lazy\" width=\"1024\" height=\"768\" data-id=\"497\" src=\"https:\/\/michael-moser.info\/wp-content\/uploads\/2023\/11\/Bild-30-1024x768.jpeg\" alt=\"\" class=\"wp-image-497\" srcset=\"https:\/\/michael-moser.info\/wp-content\/uploads\/2023\/11\/Bild-30-1024x768.jpeg 1024w, https:\/\/michael-moser.info\/wp-content\/uploads\/2023\/11\/Bild-30-300x225.jpeg 300w, https:\/\/michael-moser.info\/wp-content\/uploads\/2023\/11\/Bild-30-768x576.jpeg 768w, https:\/\/michael-moser.info\/wp-content\/uploads\/2023\/11\/Bild-30-1536x1152.jpeg 1536w, https:\/\/michael-moser.info\/wp-content\/uploads\/2023\/11\/Bild-30.jpeg 2048w\" sizes=\"(max-width: 1024px) 100vw, 1024px\" \/><\/figure>\n\n\n\n<figure class=\"wp-block-image size-large\"><img decoding=\"async\" loading=\"lazy\" width=\"1024\" height=\"768\" data-id=\"498\" src=\"https:\/\/michael-moser.info\/wp-content\/uploads\/2023\/11\/Bild-31-1024x768.jpeg\" alt=\"\" class=\"wp-image-498\" srcset=\"https:\/\/michael-moser.info\/wp-content\/uploads\/2023\/11\/Bild-31-1024x768.jpeg 1024w, https:\/\/michael-moser.info\/wp-content\/uploads\/2023\/11\/Bild-31-300x225.jpeg 300w, https:\/\/michael-moser.info\/wp-content\/uploads\/2023\/11\/Bild-31-768x576.jpeg 768w, https:\/\/michael-moser.info\/wp-content\/uploads\/2023\/11\/Bild-31-1536x1152.jpeg 1536w, https:\/\/michael-moser.info\/wp-content\/uploads\/2023\/11\/Bild-31.jpeg 2048w\" sizes=\"(max-width: 1024px) 100vw, 1024px\" \/><\/figure>\n<\/figure>\n","protected":false},"excerpt":{"rendered":"<p>Der 568. Katharinenmarkt steht vor der T\u00fcr. Gelebte Tradition, die f\u00fcr uns Seelbacherinnen und Seelbacher j\u00e4hrlich einen besonders wichtigen Platz einnimmt. Nicht nur f\u00fcr alle B\u00fcrgerinnen und B\u00fcrger, auch f\u00fcr die Vereine, die Gastronomie und viele andere Gewerbetreibende in Seelbach, ist der Katharinenmarkt ein sehr wichtiges Ereignis. Ich selbst freue mich sehr auf den Katharinenmarkt, [&hellip;]<\/p>\n","protected":false},"author":1,"featured_media":494,"comment_status":"closed","ping_status":"closed","sticky":false,"template":"","format":"standard","meta":{"footnotes":""},"categories":[1],"tags":[],"_links":{"self":[{"href":"https:\/\/michael-moser.info\/index.php?rest_route=\/wp\/v2\/posts\/492"}],"collection":[{"href":"https:\/\/michael-moser.info\/index.php?rest_route=\/wp\/v2\/posts"}],"about":[{"href":"https:\/\/michael-moser.info\/index.php?rest_route=\/wp\/v2\/types\/post"}],"author":[{"embeddable":true,"href":"https:\/\/michael-moser.info\/index.php?rest_route=\/wp\/v2\/users\/1"}],"replies":[{"embeddable":true,"href":"https:\/\/michael-moser.info\/index.php?rest_route=%2Fwp%2Fv2%2Fcomments&post=492"}],"version-history":[{"count":3,"href":"https:\/\/michael-moser.info\/index.php?rest_route=\/wp\/v2\/posts\/492\/revisions"}],"predecessor-version":[{"id":500,"href":"https:\/\/michael-moser.info\/index.php?rest_route=\/wp\/v2\/posts\/492\/revisions\/500"}],"wp:featuredmedia":[{"embeddable":true,"href":"https:\/\/michael-moser.info\/index.php?rest_route=\/wp\/v2\/media\/494"}],"wp:attachment":[{"href":"https:\/\/michael-moser.info\/index.php?rest_route=%2Fwp%2Fv2%2Fmedia&parent=492"}],"wp:term":[{"taxonomy":"category","embeddable":true,"href":"https:\/\/michael-moser.info\/index.php?rest_route=%2Fwp%2Fv2%2Fcategories&post=492"},{"taxonomy":"post_tag","embeddable":true,"href":"https:\/\/michael-moser.info\/index.php?rest_route=%2Fwp%2Fv2%2Ftags&post=492"}],"curies":[{"name":"wp","href":"https:\/\/api.w.org\/{rel}","templated":true}]}}