{"id":446,"date":"2023-11-16T13:30:59","date_gmt":"2023-11-16T13:30:59","guid":{"rendered":"https:\/\/michael-moser.info\/?p=446"},"modified":"2023-11-18T13:32:15","modified_gmt":"2023-11-18T13:32:15","slug":"mein-buergerprogramm-zur-wahl-am-3-dezember","status":"publish","type":"post","link":"https:\/\/michael-moser.info\/?p=446","title":{"rendered":"Mein B\u00fcrgerprogramm zur Wahl am 3. Dezember"},"content":{"rendered":"\n<p>Ab heute bin ich wieder an den Haust\u00fcren unserer sch\u00f6nen Gemeinde unterwegs. Ich verteile mein B\u00fcrgerprogramm zur Wahl am 3. Dezember. Neben den Hausbesuchen, bei denen ich direkt an der T\u00fcr ins Gespr\u00e4ch gehe, werde ich beim Flyer verteilen unterst\u00fctzt. Ein Team aus Unterst\u00fctzern ist daher mit mir in den Stra\u00dfen unterwegs. Heute wollten sogar die Kleinsten behilflich sein. Bitte sprecht mich weiterhin gerne an wenn ihr mich seht, ich freue mich \u00fcber jedes Gespr\u00e4ch.<\/p>\n\n\n\n<figure class=\"wp-block-gallery has-nested-images columns-2 is-cropped wp-block-gallery-1 is-layout-flex wp-block-gallery-is-layout-flex\">\n<figure class=\"wp-block-image size-large\"><img decoding=\"async\" loading=\"lazy\" width=\"768\" height=\"1024\" data-id=\"448\" src=\"https:\/\/michael-moser.info\/wp-content\/uploads\/2023\/11\/Bild-2-768x1024.jpeg\" alt=\"\" class=\"wp-image-448\" srcset=\"https:\/\/michael-moser.info\/wp-content\/uploads\/2023\/11\/Bild-2-768x1024.jpeg 768w, https:\/\/michael-moser.info\/wp-content\/uploads\/2023\/11\/Bild-2-225x300.jpeg 225w, https:\/\/michael-moser.info\/wp-content\/uploads\/2023\/11\/Bild-2.jpeg 1042w\" sizes=\"(max-width: 768px) 100vw, 768px\" \/><\/figure>\n\n\n\n<figure class=\"wp-block-image size-large\"><img decoding=\"async\" loading=\"lazy\" width=\"768\" height=\"1024\" data-id=\"449\" src=\"https:\/\/michael-moser.info\/wp-content\/uploads\/2023\/11\/Bild-3-768x1024.jpeg\" alt=\"\" class=\"wp-image-449\" srcset=\"https:\/\/michael-moser.info\/wp-content\/uploads\/2023\/11\/Bild-3-768x1024.jpeg 768w, https:\/\/michael-moser.info\/wp-content\/uploads\/2023\/11\/Bild-3-225x300.jpeg 225w, https:\/\/michael-moser.info\/wp-content\/uploads\/2023\/11\/Bild-3-1152x1536.jpeg 1152w, https:\/\/michael-moser.info\/wp-content\/uploads\/2023\/11\/Bild-3.jpeg 1536w\" sizes=\"(max-width: 768px) 100vw, 768px\" \/><\/figure>\n\n\n\n<figure class=\"wp-block-image size-large\"><img decoding=\"async\" loading=\"lazy\" width=\"591\" height=\"1024\" data-id=\"447\" src=\"https:\/\/michael-moser.info\/wp-content\/uploads\/2023\/11\/Bild-4-591x1024.jpeg\" alt=\"\" class=\"wp-image-447\" srcset=\"https:\/\/michael-moser.info\/wp-content\/uploads\/2023\/11\/Bild-4-591x1024.jpeg 591w, https:\/\/michael-moser.info\/wp-content\/uploads\/2023\/11\/Bild-4-173x300.jpeg 173w, https:\/\/michael-moser.info\/wp-content\/uploads\/2023\/11\/Bild-4-768x1330.jpeg 768w, https:\/\/michael-moser.info\/wp-content\/uploads\/2023\/11\/Bild-4-887x1536.jpeg 887w, https:\/\/michael-moser.info\/wp-content\/uploads\/2023\/11\/Bild-4.jpeg 924w\" sizes=\"(max-width: 591px) 100vw, 591px\" \/><\/figure>\n\n\n\n<figure class=\"wp-block-image size-large\"><img decoding=\"async\" loading=\"lazy\" width=\"768\" height=\"1024\" data-id=\"450\" src=\"https:\/\/michael-moser.info\/wp-content\/uploads\/2023\/11\/Bild-5-768x1024.jpeg\" alt=\"\" class=\"wp-image-450\" srcset=\"https:\/\/michael-moser.info\/wp-content\/uploads\/2023\/11\/Bild-5-768x1024.jpeg 768w, https:\/\/michael-moser.info\/wp-content\/uploads\/2023\/11\/Bild-5-225x300.jpeg 225w, https:\/\/michael-moser.info\/wp-content\/uploads\/2023\/11\/Bild-5-1152x1536.jpeg 1152w, https:\/\/michael-moser.info\/wp-content\/uploads\/2023\/11\/Bild-5.jpeg 1200w\" sizes=\"(max-width: 768px) 100vw, 768px\" \/><\/figure>\n<\/figure>\n","protected":false},"excerpt":{"rendered":"<p>Ab heute bin ich wieder an den Haust\u00fcren unserer sch\u00f6nen Gemeinde unterwegs. Ich verteile mein B\u00fcrgerprogramm zur Wahl am 3. Dezember. Neben den Hausbesuchen, bei denen ich direkt an der T\u00fcr ins Gespr\u00e4ch gehe, werde ich beim Flyer verteilen unterst\u00fctzt. Ein Team aus Unterst\u00fctzern ist daher mit mir in den Stra\u00dfen unterwegs. Heute wollten sogar [&hellip;]<\/p>\n","protected":false},"author":1,"featured_media":0,"comment_status":"closed","ping_status":"closed","sticky":false,"template":"","format":"standard","meta":{"footnotes":""},"categories":[1],"tags":[],"_links":{"self":[{"href":"https:\/\/michael-moser.info\/index.php?rest_route=\/wp\/v2\/posts\/446"}],"collection":[{"href":"https:\/\/michael-moser.info\/index.php?rest_route=\/wp\/v2\/posts"}],"about":[{"href":"https:\/\/michael-moser.info\/index.php?rest_route=\/wp\/v2\/types\/post"}],"author":[{"embeddable":true,"href":"https:\/\/michael-moser.info\/index.php?rest_route=\/wp\/v2\/users\/1"}],"replies":[{"embeddable":true,"href":"https:\/\/michael-moser.info\/index.php?rest_route=%2Fwp%2Fv2%2Fcomments&post=446"}],"version-history":[{"count":1,"href":"https:\/\/michael-moser.info\/index.php?rest_route=\/wp\/v2\/posts\/446\/revisions"}],"predecessor-version":[{"id":451,"href":"https:\/\/michael-moser.info\/index.php?rest_route=\/wp\/v2\/posts\/446\/revisions\/451"}],"wp:attachment":[{"href":"https:\/\/michael-moser.info\/index.php?rest_route=%2Fwp%2Fv2%2Fmedia&parent=446"}],"wp:term":[{"taxonomy":"category","embeddable":true,"href":"https:\/\/michael-moser.info\/index.php?rest_route=%2Fwp%2Fv2%2Fcategories&post=446"},{"taxonomy":"post_tag","embeddable":true,"href":"https:\/\/michael-moser.info\/index.php?rest_route=%2Fwp%2Fv2%2Ftags&post=446"}],"curies":[{"name":"wp","href":"https:\/\/api.w.org\/{rel}","templated":true}]}}