{"id":400,"date":"2023-11-01T14:55:14","date_gmt":"2023-11-01T14:55:14","guid":{"rendered":"https:\/\/michael-moser.info\/?p=400"},"modified":"2023-11-02T14:57:09","modified_gmt":"2023-11-02T14:57:09","slug":"vorstellungsrunde-im-caritashaus-st-hildegard-in-seelbach","status":"publish","type":"post","link":"https:\/\/michael-moser.info\/?p=400","title":{"rendered":"Vorstellungsrunde im Caritashaus St. Hildegard in Seelbach"},"content":{"rendered":"\n<p>Ich hatte, neben meinem Besuch in der Ludwig-Auerbach-Str. 9, auch die Gelegenheit mit den Bewohnerinnen und Bewohnern des Caritashauses Sankt Hildegard zu sprechen.<\/p>\n\n\n\n<p>Es wurden viele Fragen \u00fcber mich, aber auch \u00fcber meine Ideen f\u00fcr Seelbach gestellt. Nicht nur von den Bewohnerinnen und Bewohnern, sondern auch von den Angestellten der Einrichtung. Zudem wurden auch viele Vorschl\u00e4ge gemacht, wie man es den \u00c4lteren und Pflegebed\u00fcrftigen in Seelbach zuk\u00fcnftig angenehmer gestalten k\u00f6nnte.<\/p>\n\n\n\n<p>Neben den Themen wie Barrierefreiheit und den Wegen in die Dorfmitte, ist den Bewohnerinnen und Bewohnern der Entenweg ein besonderes Anliegen. Als Gemeinde ist es wichtig, dass auch in Zukunft \u201eALLE\u201c bestm\u00f6glich am Leben in unserer Gemeinde teilhaben k\u00f6nnen.<\/p>\n\n\n\n<p>Mit Gewissheit kann ich sagen, dass sich die Bewohnerinnen und Bewohner und die Angestellten \u00fcber den Besuch und die Aufmerksamkeit gefreut haben. Ich bedanke mich bei der Einrichtungsleitung und den Betreuerinnen, dass mir der Besuch erm\u00f6glicht wurde. Mir hat es sehr viel Freude bereitet.<\/p>\n\n\n\n<figure class=\"wp-block-image size-full\"><img decoding=\"async\" loading=\"lazy\" width=\"1024\" height=\"768\" src=\"https:\/\/michael-moser.info\/wp-content\/uploads\/2023\/11\/image.png\" alt=\"\" class=\"wp-image-401\" srcset=\"https:\/\/michael-moser.info\/wp-content\/uploads\/2023\/11\/image.png 1024w, https:\/\/michael-moser.info\/wp-content\/uploads\/2023\/11\/image-300x225.png 300w, https:\/\/michael-moser.info\/wp-content\/uploads\/2023\/11\/image-768x576.png 768w\" sizes=\"(max-width: 1024px) 100vw, 1024px\" \/><\/figure>\n","protected":false},"excerpt":{"rendered":"<p>Ich hatte, neben meinem Besuch in der Ludwig-Auerbach-Str. 9, auch die Gelegenheit mit den Bewohnerinnen und Bewohnern des Caritashauses Sankt Hildegard zu sprechen. Es wurden viele Fragen \u00fcber mich, aber auch \u00fcber meine Ideen f\u00fcr Seelbach gestellt. Nicht nur von den Bewohnerinnen und Bewohnern, sondern auch von den Angestellten der Einrichtung. Zudem wurden auch viele [&hellip;]<\/p>\n","protected":false},"author":1,"featured_media":401,"comment_status":"closed","ping_status":"closed","sticky":false,"template":"","format":"standard","meta":{"footnotes":""},"categories":[1],"tags":[],"_links":{"self":[{"href":"https:\/\/michael-moser.info\/index.php?rest_route=\/wp\/v2\/posts\/400"}],"collection":[{"href":"https:\/\/michael-moser.info\/index.php?rest_route=\/wp\/v2\/posts"}],"about":[{"href":"https:\/\/michael-moser.info\/index.php?rest_route=\/wp\/v2\/types\/post"}],"author":[{"embeddable":true,"href":"https:\/\/michael-moser.info\/index.php?rest_route=\/wp\/v2\/users\/1"}],"replies":[{"embeddable":true,"href":"https:\/\/michael-moser.info\/index.php?rest_route=%2Fwp%2Fv2%2Fcomments&post=400"}],"version-history":[{"count":1,"href":"https:\/\/michael-moser.info\/index.php?rest_route=\/wp\/v2\/posts\/400\/revisions"}],"predecessor-version":[{"id":402,"href":"https:\/\/michael-moser.info\/index.php?rest_route=\/wp\/v2\/posts\/400\/revisions\/402"}],"wp:featuredmedia":[{"embeddable":true,"href":"https:\/\/michael-moser.info\/index.php?rest_route=\/wp\/v2\/media\/401"}],"wp:attachment":[{"href":"https:\/\/michael-moser.info\/index.php?rest_route=%2Fwp%2Fv2%2Fmedia&parent=400"}],"wp:term":[{"taxonomy":"category","embeddable":true,"href":"https:\/\/michael-moser.info\/index.php?rest_route=%2Fwp%2Fv2%2Fcategories&post=400"},{"taxonomy":"post_tag","embeddable":true,"href":"https:\/\/michael-moser.info\/index.php?rest_route=%2Fwp%2Fv2%2Ftags&post=400"}],"curies":[{"name":"wp","href":"https:\/\/api.w.org\/{rel}","templated":true}]}}